{"id":1438,"date":"2023-09-14T12:28:40","date_gmt":"2023-09-14T11:28:40","guid":{"rendered":"https:\/\/pelotes-bobines-et-paillettes.fr\/?p=1438"},"modified":"2023-09-14T12:28:41","modified_gmt":"2023-09-14T11:28:41","slug":"salon-de-the","status":"publish","type":"post","link":"https:\/\/pelotes-bobines-et-paillettes.fr\/index.php\/2023\/09\/14\/salon-de-the\/","title":{"rendered":"Salon de th\u00e9 Mercerie Les news"},"content":{"rendered":"\n<h2 class=\"wp-block-heading\">Avancement des travaux et actu perso.<\/h2>\n\n\n\n<p>Les travaux continuent , la moiti\u00e9 des fen\u00eatres sont pos\u00e9es merci \u00e0 notre fournisseur de comp\u00e9tition : <a href=\"https:\/\/seissan.ouvertures.com\/\"><em><strong>Azurenov 32<\/strong><\/em><\/a>. <br>Le sol en b\u00e9ton quartz\u00e9 est r\u00e9alis\u00e9 mais attend sa finition satin. Les hommes ont mont\u00e9s la mezzanine et commenc\u00e9 \u00e0 poser la volige mi-bois. <br>Quant \u00e0 moi j&rsquo;ai peint le sol de la mezzanine . Maintenant nous attendons notre ma\u00e7on qui va nous isoler le plafond et les murs.<\/p>\n\n\n\n<figure class=\"wp-block-image aligncenter size-medium\"><img loading=\"lazy\" decoding=\"async\" width=\"300\" height=\"225\" src=\"https:\/\/pelotes-bobines-et-paillettes.fr\/wp-content\/uploads\/2023\/09\/volige1-300x225.jpg\" alt=\"pose de la volige mi bois\" class=\"wp-image-1444\" srcset=\"https:\/\/pelotes-bobines-et-paillettes.fr\/wp-content\/uploads\/2023\/09\/volige1-300x225.jpg 300w, https:\/\/pelotes-bobines-et-paillettes.fr\/wp-content\/uploads\/2023\/09\/volige1-1024x768.jpg 1024w, https:\/\/pelotes-bobines-et-paillettes.fr\/wp-content\/uploads\/2023\/09\/volige1-768x576.jpg 768w, https:\/\/pelotes-bobines-et-paillettes.fr\/wp-content\/uploads\/2023\/09\/volige1-1536x1152.jpg 1536w, https:\/\/pelotes-bobines-et-paillettes.fr\/wp-content\/uploads\/2023\/09\/volige1-2048x1536.jpg 2048w, https:\/\/pelotes-bobines-et-paillettes.fr\/wp-content\/uploads\/2023\/09\/volige1-1320x990.jpg 1320w\" sizes=\"auto, (max-width: 300px) 100vw, 300px\" \/><\/figure>\n\n\n\n<p>Depuis d\u00e9but septembre, j&rsquo;ai arr\u00eat\u00e9 mon activit\u00e9 d&rsquo;assistante maternelle afin de me consacrer totalement \u00e0 la cr\u00e9ation de la mercerie salon de th\u00e9. Et ainsi de pouvoir d\u00e8s \u00e0 pr\u00e9sent vous accueillir quotidiennement et \u00e0 temps plein pour les cours et retouches \u00e0 mon domicile en attendant la fin des travaux.<br><\/p>\n\n\n\n<figure class=\"wp-block-video aligncenter\"><video height=\"1280\" style=\"aspect-ratio: 720 \/ 1280;\" width=\"720\" controls src=\"https:\/\/pelotes-bobines-et-paillettes.fr\/wp-content\/uploads\/2023\/09\/videomercerie1-2.mp4\"><\/video><\/figure>\n","protected":false},"excerpt":{"rendered":"<p>Avancement des travaux et actu perso. Les travaux continuent , la moiti\u00e9 des fen\u00eatres sont pos\u00e9es merci \u00e0 notre fournisseur de comp\u00e9tition : Azurenov 32. Le sol en b\u00e9ton quartz\u00e9 est r\u00e9alis\u00e9 mais attend sa finition satin. Les hommes ont<\/p>\n","protected":false},"author":1,"featured_media":0,"comment_status":"open","ping_status":"open","sticky":false,"template":"","format":"standard","meta":{"_uag_custom_page_level_css":"","footnotes":""},"categories":[8],"tags":[106],"class_list":["post-1438","post","type-post","status-publish","format-standard","hentry","category-quoi-de-neuf","tag-salon-de-the-mercerie-les-news"],"featured_image_urls_v2":{"full":"","thumbnail":"","medium":"","medium_large":"","large":"","1536x1536":"","2048x2048":"","featured-blog-large":"","featured-blog-medium":"","featured":"","featured-blog-medium-small":""},"post_excerpt_stackable_v2":"<p>Avancement des travaux et actu perso. Les travaux continuent , la moiti\u00e9 des fen\u00eatres sont pos\u00e9es merci \u00e0 notre fournisseur de comp\u00e9tition : Azurenov 32. Le sol en b\u00e9ton quartz\u00e9 est r\u00e9alis\u00e9 mais attend sa finition satin. Les hommes ont mont\u00e9s la mezzanine et commenc\u00e9 \u00e0 poser la volige mi-bois. Quant \u00e0 moi j&rsquo;ai peint le sol de la mezzanine . Maintenant nous attendons notre ma\u00e7on qui va nous isoler le plafond et les murs. Depuis d\u00e9but septembre, j&rsquo;ai arr\u00eat\u00e9 mon activit\u00e9 d&rsquo;assistante maternelle afin de me consacrer totalement \u00e0 la cr\u00e9ation de la mercerie salon de th\u00e9. Et ainsi\u2026<\/p>\n","category_list_v2":"<a href=\"https:\/\/pelotes-bobines-et-paillettes.fr\/index.php\/category\/quoi-de-neuf\/\" rel=\"category tag\">Quoi de neuf ?<\/a>","author_info_v2":{"name":"Sd32admin260","url":"https:\/\/pelotes-bobines-et-paillettes.fr\/index.php\/author\/sd32admin260\/"},"comments_num_v2":"0 commentaire","yoast_head":"<!-- This site is optimized with the Yoast SEO plugin v27.5 - https:\/\/yoast.com\/product\/yoast-seo-wordpress\/ -->\n<title>Salon de th\u00e9 Mercerie Les news - Pelotes Bobines et Paillettes<\/title>\n<meta name=\"description\" content=\"Salon de th\u00e9 mercerie, cours de couture gers, locations de machines, cours de tricot, crochet, broderie, patchwork, diy\" \/>\n<meta name=\"robots\" content=\"index, follow, max-snippet:-1, max-image-preview:large, max-video-preview:-1\" \/>\n<link rel=\"canonical\" href=\"https:\/\/pelotes-bobines-et-paillettes.fr\/index.php\/2023\/09\/14\/salon-de-the\/\" \/>\n<meta property=\"og:locale\" content=\"fr_FR\" \/>\n<meta property=\"og:type\" content=\"article\" \/>\n<meta property=\"og:title\" content=\"Salon de th\u00e9 Mercerie Les news - Pelotes Bobines et Paillettes\" \/>\n<meta property=\"og:description\" content=\"Salon de th\u00e9 mercerie, cours de couture gers, locations de machines, cours de tricot, crochet, broderie, patchwork, diy\" \/>\n<meta property=\"og:url\" content=\"https:\/\/pelotes-bobines-et-paillettes.fr\/index.php\/2023\/09\/14\/salon-de-the\/\" \/>\n<meta property=\"og:site_name\" content=\"Pelotes Bobines et Paillettes\" \/>\n<meta property=\"article:published_time\" content=\"2023-09-14T11:28:40+00:00\" \/>\n<meta property=\"article:modified_time\" content=\"2023-09-14T11:28:41+00:00\" \/>\n<meta property=\"og:image\" content=\"https:\/\/pelotes-bobines-et-paillettes.fr\/wp-content\/uploads\/2023\/09\/volige1-300x225.jpg\" \/>\n<meta name=\"author\" content=\"Sd32admin260\" \/>\n<meta name=\"twitter:card\" content=\"summary_large_image\" \/>\n<meta name=\"twitter:label1\" content=\"\u00c9crit par\" \/>\n\t<meta name=\"twitter:data1\" content=\"Sd32admin260\" \/>\n\t<meta name=\"twitter:label2\" content=\"Dur\u00e9e de lecture estim\u00e9e\" \/>\n\t<meta name=\"twitter:data2\" content=\"1 minute\" \/>\n<script type=\"application\/ld+json\" class=\"yoast-schema-graph\">{\"@context\":\"https:\\\/\\\/schema.org\",\"@graph\":[{\"@type\":\"Article\",\"@id\":\"https:\\\/\\\/pelotes-bobines-et-paillettes.fr\\\/index.php\\\/2023\\\/09\\\/14\\\/salon-de-the\\\/#article\",\"isPartOf\":{\"@id\":\"https:\\\/\\\/pelotes-bobines-et-paillettes.fr\\\/index.php\\\/2023\\\/09\\\/14\\\/salon-de-the\\\/\"},\"author\":{\"name\":\"Sd32admin260\",\"@id\":\"https:\\\/\\\/pelotes-bobines-et-paillettes.fr\\\/#\\\/schema\\\/person\\\/70ca32fb0aa7d4ef7fcaffac2b7bc3eb\"},\"headline\":\"Salon de th\u00e9 Mercerie Les news\",\"datePublished\":\"2023-09-14T11:28:40+00:00\",\"dateModified\":\"2023-09-14T11:28:41+00:00\",\"mainEntityOfPage\":{\"@id\":\"https:\\\/\\\/pelotes-bobines-et-paillettes.fr\\\/index.php\\\/2023\\\/09\\\/14\\\/salon-de-the\\\/\"},\"wordCount\":133,\"commentCount\":0,\"publisher\":{\"@id\":\"https:\\\/\\\/pelotes-bobines-et-paillettes.fr\\\/#\\\/schema\\\/person\\\/70ca32fb0aa7d4ef7fcaffac2b7bc3eb\"},\"image\":{\"@id\":\"https:\\\/\\\/pelotes-bobines-et-paillettes.fr\\\/index.php\\\/2023\\\/09\\\/14\\\/salon-de-the\\\/#primaryimage\"},\"thumbnailUrl\":\"https:\\\/\\\/pelotes-bobines-et-paillettes.fr\\\/wp-content\\\/uploads\\\/2023\\\/09\\\/volige1-300x225.jpg\",\"keywords\":[\"salon de th\u00e9 mercerie les news\"],\"articleSection\":[\"Quoi de neuf ?\"],\"inLanguage\":\"fr-FR\",\"potentialAction\":[{\"@type\":\"CommentAction\",\"name\":\"Comment\",\"target\":[\"https:\\\/\\\/pelotes-bobines-et-paillettes.fr\\\/index.php\\\/2023\\\/09\\\/14\\\/salon-de-the\\\/#respond\"]}]},{\"@type\":\"WebPage\",\"@id\":\"https:\\\/\\\/pelotes-bobines-et-paillettes.fr\\\/index.php\\\/2023\\\/09\\\/14\\\/salon-de-the\\\/\",\"url\":\"https:\\\/\\\/pelotes-bobines-et-paillettes.fr\\\/index.php\\\/2023\\\/09\\\/14\\\/salon-de-the\\\/\",\"name\":\"Salon de th\u00e9 Mercerie Les news - Pelotes Bobines et Paillettes\",\"isPartOf\":{\"@id\":\"https:\\\/\\\/pelotes-bobines-et-paillettes.fr\\\/#website\"},\"primaryImageOfPage\":{\"@id\":\"https:\\\/\\\/pelotes-bobines-et-paillettes.fr\\\/index.php\\\/2023\\\/09\\\/14\\\/salon-de-the\\\/#primaryimage\"},\"image\":{\"@id\":\"https:\\\/\\\/pelotes-bobines-et-paillettes.fr\\\/index.php\\\/2023\\\/09\\\/14\\\/salon-de-the\\\/#primaryimage\"},\"thumbnailUrl\":\"https:\\\/\\\/pelotes-bobines-et-paillettes.fr\\\/wp-content\\\/uploads\\\/2023\\\/09\\\/volige1-300x225.jpg\",\"datePublished\":\"2023-09-14T11:28:40+00:00\",\"dateModified\":\"2023-09-14T11:28:41+00:00\",\"description\":\"Salon de th\u00e9 mercerie, cours de couture gers, locations de machines, cours de tricot, crochet, broderie, patchwork, diy\",\"breadcrumb\":{\"@id\":\"https:\\\/\\\/pelotes-bobines-et-paillettes.fr\\\/index.php\\\/2023\\\/09\\\/14\\\/salon-de-the\\\/#breadcrumb\"},\"inLanguage\":\"fr-FR\",\"potentialAction\":[{\"@type\":\"ReadAction\",\"target\":[\"https:\\\/\\\/pelotes-bobines-et-paillettes.fr\\\/index.php\\\/2023\\\/09\\\/14\\\/salon-de-the\\\/\"]}]},{\"@type\":\"ImageObject\",\"inLanguage\":\"fr-FR\",\"@id\":\"https:\\\/\\\/pelotes-bobines-et-paillettes.fr\\\/index.php\\\/2023\\\/09\\\/14\\\/salon-de-the\\\/#primaryimage\",\"url\":\"https:\\\/\\\/pelotes-bobines-et-paillettes.fr\\\/wp-content\\\/uploads\\\/2023\\\/09\\\/volige1-scaled.jpg\",\"contentUrl\":\"https:\\\/\\\/pelotes-bobines-et-paillettes.fr\\\/wp-content\\\/uploads\\\/2023\\\/09\\\/volige1-scaled.jpg\",\"width\":2560,\"height\":1920,\"caption\":\"pose de la volige mi bois\"},{\"@type\":\"BreadcrumbList\",\"@id\":\"https:\\\/\\\/pelotes-bobines-et-paillettes.fr\\\/index.php\\\/2023\\\/09\\\/14\\\/salon-de-the\\\/#breadcrumb\",\"itemListElement\":[{\"@type\":\"ListItem\",\"position\":1,\"name\":\"Accueil\",\"item\":\"https:\\\/\\\/pelotes-bobines-et-paillettes.fr\\\/\"},{\"@type\":\"ListItem\",\"position\":2,\"name\":\"Salon de th\u00e9 Mercerie Les news\"}]},{\"@type\":\"WebSite\",\"@id\":\"https:\\\/\\\/pelotes-bobines-et-paillettes.fr\\\/#website\",\"url\":\"https:\\\/\\\/pelotes-bobines-et-paillettes.fr\\\/\",\"name\":\"Pelotes Bobines et Paillettes\",\"description\":\"La mercerie qui met des paillettes dans votre vie !\",\"publisher\":{\"@id\":\"https:\\\/\\\/pelotes-bobines-et-paillettes.fr\\\/#\\\/schema\\\/person\\\/70ca32fb0aa7d4ef7fcaffac2b7bc3eb\"},\"potentialAction\":[{\"@type\":\"SearchAction\",\"target\":{\"@type\":\"EntryPoint\",\"urlTemplate\":\"https:\\\/\\\/pelotes-bobines-et-paillettes.fr\\\/?s={search_term_string}\"},\"query-input\":{\"@type\":\"PropertyValueSpecification\",\"valueRequired\":true,\"valueName\":\"search_term_string\"}}],\"inLanguage\":\"fr-FR\"},{\"@type\":[\"Person\",\"Organization\"],\"@id\":\"https:\\\/\\\/pelotes-bobines-et-paillettes.fr\\\/#\\\/schema\\\/person\\\/70ca32fb0aa7d4ef7fcaffac2b7bc3eb\",\"name\":\"Sd32admin260\",\"image\":{\"@type\":\"ImageObject\",\"inLanguage\":\"fr-FR\",\"@id\":\"https:\\\/\\\/pelotes-bobines-et-paillettes.fr\\\/wp-content\\\/uploads\\\/2021\\\/02\\\/cropped-caticorne-aqua500x500.gif\",\"url\":\"https:\\\/\\\/pelotes-bobines-et-paillettes.fr\\\/wp-content\\\/uploads\\\/2021\\\/02\\\/cropped-caticorne-aqua500x500.gif\",\"contentUrl\":\"https:\\\/\\\/pelotes-bobines-et-paillettes.fr\\\/wp-content\\\/uploads\\\/2021\\\/02\\\/cropped-caticorne-aqua500x500.gif\",\"width\":500,\"height\":500,\"caption\":\"Sd32admin260\"},\"logo\":{\"@id\":\"https:\\\/\\\/pelotes-bobines-et-paillettes.fr\\\/wp-content\\\/uploads\\\/2021\\\/02\\\/cropped-caticorne-aqua500x500.gif\"},\"sameAs\":[\"http:\\\/\\\/pelotes-bobines-et-paillettes.fr\"]}]}<\/script>\n<!-- \/ Yoast SEO plugin. -->","yoast_head_json":{"title":"Salon de th\u00e9 Mercerie Les news - Pelotes Bobines et Paillettes","description":"Salon de th\u00e9 mercerie, cours de couture gers, locations de machines, cours de tricot, crochet, broderie, patchwork, diy","robots":{"index":"index","follow":"follow","max-snippet":"max-snippet:-1","max-image-preview":"max-image-preview:large","max-video-preview":"max-video-preview:-1"},"canonical":"https:\/\/pelotes-bobines-et-paillettes.fr\/index.php\/2023\/09\/14\/salon-de-the\/","og_locale":"fr_FR","og_type":"article","og_title":"Salon de th\u00e9 Mercerie Les news - Pelotes Bobines et Paillettes","og_description":"Salon de th\u00e9 mercerie, cours de couture gers, locations de machines, cours de tricot, crochet, broderie, patchwork, diy","og_url":"https:\/\/pelotes-bobines-et-paillettes.fr\/index.php\/2023\/09\/14\/salon-de-the\/","og_site_name":"Pelotes Bobines et Paillettes","article_published_time":"2023-09-14T11:28:40+00:00","article_modified_time":"2023-09-14T11:28:41+00:00","og_image":[{"url":"https:\/\/pelotes-bobines-et-paillettes.fr\/wp-content\/uploads\/2023\/09\/volige1-300x225.jpg","type":"","width":"","height":""}],"author":"Sd32admin260","twitter_card":"summary_large_image","twitter_misc":{"\u00c9crit par":"Sd32admin260","Dur\u00e9e de lecture estim\u00e9e":"1 minute"},"schema":{"@context":"https:\/\/schema.org","@graph":[{"@type":"Article","@id":"https:\/\/pelotes-bobines-et-paillettes.fr\/index.php\/2023\/09\/14\/salon-de-the\/#article","isPartOf":{"@id":"https:\/\/pelotes-bobines-et-paillettes.fr\/index.php\/2023\/09\/14\/salon-de-the\/"},"author":{"name":"Sd32admin260","@id":"https:\/\/pelotes-bobines-et-paillettes.fr\/#\/schema\/person\/70ca32fb0aa7d4ef7fcaffac2b7bc3eb"},"headline":"Salon de th\u00e9 Mercerie Les news","datePublished":"2023-09-14T11:28:40+00:00","dateModified":"2023-09-14T11:28:41+00:00","mainEntityOfPage":{"@id":"https:\/\/pelotes-bobines-et-paillettes.fr\/index.php\/2023\/09\/14\/salon-de-the\/"},"wordCount":133,"commentCount":0,"publisher":{"@id":"https:\/\/pelotes-bobines-et-paillettes.fr\/#\/schema\/person\/70ca32fb0aa7d4ef7fcaffac2b7bc3eb"},"image":{"@id":"https:\/\/pelotes-bobines-et-paillettes.fr\/index.php\/2023\/09\/14\/salon-de-the\/#primaryimage"},"thumbnailUrl":"https:\/\/pelotes-bobines-et-paillettes.fr\/wp-content\/uploads\/2023\/09\/volige1-300x225.jpg","keywords":["salon de th\u00e9 mercerie les news"],"articleSection":["Quoi de neuf ?"],"inLanguage":"fr-FR","potentialAction":[{"@type":"CommentAction","name":"Comment","target":["https:\/\/pelotes-bobines-et-paillettes.fr\/index.php\/2023\/09\/14\/salon-de-the\/#respond"]}]},{"@type":"WebPage","@id":"https:\/\/pelotes-bobines-et-paillettes.fr\/index.php\/2023\/09\/14\/salon-de-the\/","url":"https:\/\/pelotes-bobines-et-paillettes.fr\/index.php\/2023\/09\/14\/salon-de-the\/","name":"Salon de th\u00e9 Mercerie Les news - Pelotes Bobines et Paillettes","isPartOf":{"@id":"https:\/\/pelotes-bobines-et-paillettes.fr\/#website"},"primaryImageOfPage":{"@id":"https:\/\/pelotes-bobines-et-paillettes.fr\/index.php\/2023\/09\/14\/salon-de-the\/#primaryimage"},"image":{"@id":"https:\/\/pelotes-bobines-et-paillettes.fr\/index.php\/2023\/09\/14\/salon-de-the\/#primaryimage"},"thumbnailUrl":"https:\/\/pelotes-bobines-et-paillettes.fr\/wp-content\/uploads\/2023\/09\/volige1-300x225.jpg","datePublished":"2023-09-14T11:28:40+00:00","dateModified":"2023-09-14T11:28:41+00:00","description":"Salon de th\u00e9 mercerie, cours de couture gers, locations de machines, cours de tricot, crochet, broderie, patchwork, diy","breadcrumb":{"@id":"https:\/\/pelotes-bobines-et-paillettes.fr\/index.php\/2023\/09\/14\/salon-de-the\/#breadcrumb"},"inLanguage":"fr-FR","potentialAction":[{"@type":"ReadAction","target":["https:\/\/pelotes-bobines-et-paillettes.fr\/index.php\/2023\/09\/14\/salon-de-the\/"]}]},{"@type":"ImageObject","inLanguage":"fr-FR","@id":"https:\/\/pelotes-bobines-et-paillettes.fr\/index.php\/2023\/09\/14\/salon-de-the\/#primaryimage","url":"https:\/\/pelotes-bobines-et-paillettes.fr\/wp-content\/uploads\/2023\/09\/volige1-scaled.jpg","contentUrl":"https:\/\/pelotes-bobines-et-paillettes.fr\/wp-content\/uploads\/2023\/09\/volige1-scaled.jpg","width":2560,"height":1920,"caption":"pose de la volige mi bois"},{"@type":"BreadcrumbList","@id":"https:\/\/pelotes-bobines-et-paillettes.fr\/index.php\/2023\/09\/14\/salon-de-the\/#breadcrumb","itemListElement":[{"@type":"ListItem","position":1,"name":"Accueil","item":"https:\/\/pelotes-bobines-et-paillettes.fr\/"},{"@type":"ListItem","position":2,"name":"Salon de th\u00e9 Mercerie Les news"}]},{"@type":"WebSite","@id":"https:\/\/pelotes-bobines-et-paillettes.fr\/#website","url":"https:\/\/pelotes-bobines-et-paillettes.fr\/","name":"Pelotes Bobines et Paillettes","description":"La mercerie qui met des paillettes dans votre vie !","publisher":{"@id":"https:\/\/pelotes-bobines-et-paillettes.fr\/#\/schema\/person\/70ca32fb0aa7d4ef7fcaffac2b7bc3eb"},"potentialAction":[{"@type":"SearchAction","target":{"@type":"EntryPoint","urlTemplate":"https:\/\/pelotes-bobines-et-paillettes.fr\/?s={search_term_string}"},"query-input":{"@type":"PropertyValueSpecification","valueRequired":true,"valueName":"search_term_string"}}],"inLanguage":"fr-FR"},{"@type":["Person","Organization"],"@id":"https:\/\/pelotes-bobines-et-paillettes.fr\/#\/schema\/person\/70ca32fb0aa7d4ef7fcaffac2b7bc3eb","name":"Sd32admin260","image":{"@type":"ImageObject","inLanguage":"fr-FR","@id":"https:\/\/pelotes-bobines-et-paillettes.fr\/wp-content\/uploads\/2021\/02\/cropped-caticorne-aqua500x500.gif","url":"https:\/\/pelotes-bobines-et-paillettes.fr\/wp-content\/uploads\/2021\/02\/cropped-caticorne-aqua500x500.gif","contentUrl":"https:\/\/pelotes-bobines-et-paillettes.fr\/wp-content\/uploads\/2021\/02\/cropped-caticorne-aqua500x500.gif","width":500,"height":500,"caption":"Sd32admin260"},"logo":{"@id":"https:\/\/pelotes-bobines-et-paillettes.fr\/wp-content\/uploads\/2021\/02\/cropped-caticorne-aqua500x500.gif"},"sameAs":["http:\/\/pelotes-bobines-et-paillettes.fr"]}]}},"uagb_featured_image_src":{"full":false,"thumbnail":false,"medium":false,"medium_large":false,"large":false,"1536x1536":false,"2048x2048":false,"featured-blog-large":false,"featured-blog-medium":false,"featured":false,"featured-blog-medium-small":false},"uagb_author_info":{"display_name":"Sd32admin260","author_link":"https:\/\/pelotes-bobines-et-paillettes.fr\/index.php\/author\/sd32admin260\/"},"uagb_comment_info":0,"uagb_excerpt":"Avancement des travaux et actu perso. Les travaux continuent , la moiti\u00e9 des fen\u00eatres sont pos\u00e9es merci \u00e0 notre fournisseur de comp\u00e9tition : Azurenov 32. Le sol en b\u00e9ton quartz\u00e9 est r\u00e9alis\u00e9 mais attend sa finition satin. Les hommes ont","_links":{"self":[{"href":"https:\/\/pelotes-bobines-et-paillettes.fr\/index.php\/wp-json\/wp\/v2\/posts\/1438","targetHints":{"allow":["GET"]}}],"collection":[{"href":"https:\/\/pelotes-bobines-et-paillettes.fr\/index.php\/wp-json\/wp\/v2\/posts"}],"about":[{"href":"https:\/\/pelotes-bobines-et-paillettes.fr\/index.php\/wp-json\/wp\/v2\/types\/post"}],"author":[{"embeddable":true,"href":"https:\/\/pelotes-bobines-et-paillettes.fr\/index.php\/wp-json\/wp\/v2\/users\/1"}],"replies":[{"embeddable":true,"href":"https:\/\/pelotes-bobines-et-paillettes.fr\/index.php\/wp-json\/wp\/v2\/comments?post=1438"}],"version-history":[{"count":3,"href":"https:\/\/pelotes-bobines-et-paillettes.fr\/index.php\/wp-json\/wp\/v2\/posts\/1438\/revisions"}],"predecessor-version":[{"id":1445,"href":"https:\/\/pelotes-bobines-et-paillettes.fr\/index.php\/wp-json\/wp\/v2\/posts\/1438\/revisions\/1445"}],"wp:attachment":[{"href":"https:\/\/pelotes-bobines-et-paillettes.fr\/index.php\/wp-json\/wp\/v2\/media?parent=1438"}],"wp:term":[{"taxonomy":"category","embeddable":true,"href":"https:\/\/pelotes-bobines-et-paillettes.fr\/index.php\/wp-json\/wp\/v2\/categories?post=1438"},{"taxonomy":"post_tag","embeddable":true,"href":"https:\/\/pelotes-bobines-et-paillettes.fr\/index.php\/wp-json\/wp\/v2\/tags?post=1438"}],"curies":[{"name":"wp","href":"https:\/\/api.w.org\/{rel}","templated":true}]}}